{"id":380,"date":"2020-01-06T11:13:09","date_gmt":"2020-01-06T10:13:09","guid":{"rendered":"http:\/\/www.kks-forst.de\/?p=380"},"modified":"2020-01-06T11:13:09","modified_gmt":"2020-01-06T10:13:09","slug":"vereinstermine-kk-schuetzenverein-forst-fuer-2020","status":"publish","type":"post","link":"https:\/\/www.kks-forst.de\/?p=380","title":{"rendered":"Vereinstermine KK-Sch\u00fctzenverein Forst f\u00fcr 2020"},"content":{"rendered":"\n<p>1. Januar 2020 \u00a0\u00a0\u00a0\u00a0\u00a0\u00a0\u00a0\u00a0\u00a0\u00a0\u00a0\u00a0\u00a0\u00a0\u00a0Neujahrschie\u00dfen am Hasenbrunnen B\u00f6llersch\u00fctzen<\/p>\n\n\n\n<p>6. Januar 2020 \u00a0\u00a0\u00a0\u00a0\u00a0\u00a0\u00a0\u00a0\u00a0\u00a0\u00a0\u00a0\u00a0\u00a0\u00a0Brezelschie\u00dfen im Sch\u00fctzenhaus <\/p>\n\n\n\n<p>18. Januar 2020 \u00a0\u00a0\u00a0\u00a0\u00a0\u00a0\u00a0\u00a0\u00a0\u00a0\u00a0\u00a0\u00a0Kreissch\u00fctzenabend SK11 Bruchsal<\/p>\n\n\n\n<p>                                           im Alex-Huber-Forum \/ Waldseehalle Forst<\/p>\n\n\n\n<p>21. Februar 2020\u00a0\u00a0\u00a0\u00a0\u00a0\u00a0\u00a0\u00a0\u00a0\u00a0\u00a0\u00a0Jahreshauptversammlung<\/p>\n\n\n\n<p>                                           Verein der Ordonanz- und Kurzwaffensch\u00fctzen <\/p>\n\n\n\n<p>28. Februar 2020\u00a0\u00a0\u00a0\u00a0\u00a0\u00a0\u00a0\u00a0\u00a0\u00a0\u00a0\u00a0Kesselfleischessen mit Jagd und Forst<\/p>\n\n\n\n<p>                                           im Sch\u00fctzenhaus <\/p>\n\n\n\n<p>03. April 2020\u00a0\u00a0\u00a0\u00a0\u00a0\u00a0\u00a0\u00a0\u00a0\u00a0\u00a0\u00a0\u00a0\u00a0\u00a0  Jahreshauptversammlung KKS Forst <\/p>\n\n\n\n<p>18.April 2020\u00a0\u00a0\u00a0\u00a0\u00a0\u00a0\u00a0\u00a0\u00a0\u00a0\u00a0\u00a0\u00a0\u00a0\u00a0\u00a0  Vorderlader Kreismeisterschaft in Forst <\/p>\n\n\n\n<p>14. Juni 2020\u00a0\u00a0\u00a0\u00a0\u00a0\u00a0\u00a0\u00a0\u00a0\u00a0\u00a0\u00a0\u00a0\u00a0\u00a0\u00a0\u00a0  S\u00fcdwestdeutsches B\u00f6llertreffen<\/p>\n\n\n\n<p>                                          1.250 Jahre Zeutern \/ 50 Jahre Ubstadt-Weiher <\/p>\n\n\n\n<p>11. \/ 12. Juli 2020\u00a0\u00a0\u00a0\u00a0\u00a0\u00a0\u00a0\u00a0\u00a0\u00a0 Ortsmeisterschaft \/ Ortsch\u00fctzenk\u00f6nig<\/p>\n\n\n\n<p>Anfang August\u00a0\u00a0\u00a0\u00a0\u00a0\u00a0\u00a0\u00a0\u00a0\u00a0\u00a0\u00a0\u00a0\u00a0 Ferienprogramm <\/p>\n\n\n\n<p>Anfang August\u00a0\u00a0\u00a0\u00a0\u00a0\u00a0\u00a0\u00a0\u00a0\u00a0\u00a0\u00a0\u00a0  J\u00e4ger und Gejagte <\/p>\n\n\n\n<p>10. Oktober 2020\u00a0\u00a0\u00a0\u00a0\u00a0\u00a0\u00a0\u00a0\u00a0\u00a0\u00a0Dorfputzaktion der Gemeinde Forst <\/p>\n\n\n\n<p>17. Oktober 2020\u00a0\u00a0\u00a0\u00a0\u00a0\u00a0\u00a0\u00a0\u00a0\u00a0\u00a0Oktoberfest im Sch\u00fctzenhaus <\/p>\n\n\n\n<p>24. \/ 25.\/ 26. Oktober\u00a0\u00a0\u00a0\u00a0\u00a0Badischer Sportsch\u00fctzenverband<\/p>\n\n\n\n<p>                                          Ausbildung Vorderlader u. B\u00f6ller in Forst <\/p>\n\n\n\n<p>21. November 2020\u00a0\u00a0\u00a0\u00a0\u00a0\u00a0\u00a0K\u00f6nigsfeier im Sch\u00fctzenhaus <\/p>\n\n\n\n<p>29. November 2020\u00a0\u00a0\u00a0\u00a0\u00a0\u00a0\u00a0Patrozinium Forster Pfarrkirche<\/p>\n","protected":false},"excerpt":{"rendered":"<p>1. Januar 2020 \u00a0\u00a0\u00a0\u00a0\u00a0\u00a0\u00a0\u00a0\u00a0\u00a0\u00a0\u00a0\u00a0\u00a0\u00a0Neujahrschie\u00dfen am Hasenbrunnen B\u00f6llersch\u00fctzen 6. Januar 2020 \u00a0\u00a0\u00a0\u00a0\u00a0\u00a0\u00a0\u00a0\u00a0\u00a0\u00a0\u00a0\u00a0\u00a0\u00a0Brezelschie\u00dfen im Sch\u00fctzenhaus 18. Januar 2020 \u00a0\u00a0\u00a0\u00a0\u00a0\u00a0\u00a0\u00a0\u00a0\u00a0\u00a0\u00a0\u00a0Kreissch\u00fctzenabend SK11 Bruchsal im Alex-Huber-Forum \/ Waldseehalle Forst 21. Februar 2020\u00a0\u00a0\u00a0\u00a0\u00a0\u00a0\u00a0\u00a0\u00a0\u00a0\u00a0\u00a0Jahreshauptversammlung Verein der Ordonanz- und Kurzwaffensch\u00fctzen 28. Februar 2020\u00a0\u00a0\u00a0\u00a0\u00a0\u00a0\u00a0\u00a0\u00a0\u00a0\u00a0\u00a0Kesselfleischessen mit Jagd und Forst im Sch\u00fctzenhaus 03. April 2020\u00a0\u00a0\u00a0\u00a0\u00a0\u00a0\u00a0\u00a0\u00a0\u00a0\u00a0\u00a0\u00a0\u00a0\u00a0 Jahreshauptversammlung KKS Forst 18.April 2020\u00a0\u00a0\u00a0\u00a0\u00a0\u00a0\u00a0\u00a0\u00a0\u00a0\u00a0\u00a0\u00a0\u00a0\u00a0\u00a0 Vorderlader Kreismeisterschaft in Forst 14. Juni 2020\u00a0\u00a0\u00a0\u00a0\u00a0\u00a0\u00a0\u00a0\u00a0\u00a0\u00a0\u00a0\u00a0\u00a0\u00a0\u00a0\u00a0 S\u00fcdwestdeutsches B\u00f6llertreffen 1.250 Jahre<\/p>\n","protected":false},"author":3,"featured_media":0,"comment_status":"closed","ping_status":"closed","sticky":true,"template":"","format":"standard","meta":{"footnotes":""},"categories":[1],"tags":[],"class_list":["post-380","post","type-post","status-publish","format-standard","hentry","category-allgemein"],"_links":{"self":[{"href":"https:\/\/www.kks-forst.de\/index.php?rest_route=\/wp\/v2\/posts\/380","targetHints":{"allow":["GET"]}}],"collection":[{"href":"https:\/\/www.kks-forst.de\/index.php?rest_route=\/wp\/v2\/posts"}],"about":[{"href":"https:\/\/www.kks-forst.de\/index.php?rest_route=\/wp\/v2\/types\/post"}],"author":[{"embeddable":true,"href":"https:\/\/www.kks-forst.de\/index.php?rest_route=\/wp\/v2\/users\/3"}],"replies":[{"embeddable":true,"href":"https:\/\/www.kks-forst.de\/index.php?rest_route=%2Fwp%2Fv2%2Fcomments&post=380"}],"version-history":[{"count":0,"href":"https:\/\/www.kks-forst.de\/index.php?rest_route=\/wp\/v2\/posts\/380\/revisions"}],"wp:attachment":[{"href":"https:\/\/www.kks-forst.de\/index.php?rest_route=%2Fwp%2Fv2%2Fmedia&parent=380"}],"wp:term":[{"taxonomy":"category","embeddable":true,"href":"https:\/\/www.kks-forst.de\/index.php?rest_route=%2Fwp%2Fv2%2Fcategories&post=380"},{"taxonomy":"post_tag","embeddable":true,"href":"https:\/\/www.kks-forst.de\/index.php?rest_route=%2Fwp%2Fv2%2Ftags&post=380"}],"curies":[{"name":"wp","href":"https:\/\/api.w.org\/{rel}","templated":true}]}}